{"id":4394,"date":"2024-08-28T13:36:47","date_gmt":"2024-08-28T13:36:47","guid":{"rendered":"https:\/\/www.mru.int\/fr\/?p=4394"},"modified":"2024-10-22T11:21:35","modified_gmt":"2024-10-22T11:21:35","slug":"developpement-de-la-jeunesse-dans-lunion-du-fleuve-mano","status":"publish","type":"post","link":"https:\/\/www.mru.int\/fr\/developpement-de-la-jeunesse-dans-lunion-du-fleuve-mano\/","title":{"rendered":"D\u00e9veloppement de la jeunesse dans l\u2019Union du Fleuve Mano"},"content":{"rendered":"<p>Le projet de D\u00e9veloppement de la jeunesse est con\u00e7u pour autonomiser les jeunes gens en renfor\u00e7ant leur capacit\u00e9 en mati\u00e8re de d\u00e9veloppement personnel, de plaidoyer et de stabilit\u00e9 r\u00e9gionale. Reconnaissant le r\u00f4le crucial des jeunes dans le fa\u00e7onnement de l\u2019avenir de la r\u00e9gion, le Secr\u00e9tariat de l\u2019UFM privil\u00e9gie le d\u00e9veloppement de la jeunesse comme domaine cl\u00e9 d\u2019intervention.<br \/>\nLe projet, appuy\u00e9 par divers partenaires, a organis\u00e9 des conf\u00e9rences sous-r\u00e9gionales qui fournissent une plateforme o\u00f9 les jeunes peuvent d\u00e9battre de questions li\u00e9es \u00e0 l\u2019habilitation, l\u2019\u00e9ducation et l\u2019emploi. Ces conf\u00e9rences offrent aussi une formation sur les processus \u00e9lectoraux des \u00c9tats-membres de l\u2019UFM, en \u00e9quipant les jeunes de connaissances et d\u2019aptitudes n\u00e9cessaires qui leur permettront de participer activement aux syst\u00e8mes politiques de leurs pays.<br \/>\nEn plus de ces activit\u00e9s, le projet se concentre aussi sur les possibilit\u00e9s pour la jeunesse de prendre part au service communautaire, \u00e0 l\u2019entreprenariat et au d\u00e9veloppement de leadership. Le Secr\u00e9tariat de l\u2019UFM coordonne la mise en \u0153uvre du projet, garantissant qu\u2019il est en phase avec les strat\u00e9gies r\u00e9gionales relatives au d\u00e9veloppement de la jeunesse et qu\u2019il contribue \u00e0 la stabilit\u00e9 et la prosp\u00e9rit\u00e9 globales de la r\u00e9gion de l\u2019UFM.<\/p>\n","protected":false},"excerpt":{"rendered":"<p>Le projet de D\u00e9veloppement de la jeunesse est con\u00e7u pour autonomiser les jeunes gens en renfor\u00e7ant leur capacit\u00e9 en mati\u00e8re de d\u00e9veloppement personnel, de plaidoyer et de stabilit\u00e9 r\u00e9gionale. Reconnaissant [&hellip;]<\/p>\n","protected":false},"author":1,"featured_media":3864,"comment_status":"open","ping_status":"open","sticky":false,"template":"","format":"standard","meta":{"footnotes":""},"categories":[51],"tags":[],"class_list":["post-4394","post","type-post","status-publish","format-standard","has-post-thumbnail","hentry","category-projets"],"_links":{"self":[{"href":"https:\/\/www.mru.int\/fr\/wp-json\/wp\/v2\/posts\/4394","targetHints":{"allow":["GET"]}}],"collection":[{"href":"https:\/\/www.mru.int\/fr\/wp-json\/wp\/v2\/posts"}],"about":[{"href":"https:\/\/www.mru.int\/fr\/wp-json\/wp\/v2\/types\/post"}],"author":[{"embeddable":true,"href":"https:\/\/www.mru.int\/fr\/wp-json\/wp\/v2\/users\/1"}],"replies":[{"embeddable":true,"href":"https:\/\/www.mru.int\/fr\/wp-json\/wp\/v2\/comments?post=4394"}],"version-history":[{"count":2,"href":"https:\/\/www.mru.int\/fr\/wp-json\/wp\/v2\/posts\/4394\/revisions"}],"predecessor-version":[{"id":5337,"href":"https:\/\/www.mru.int\/fr\/wp-json\/wp\/v2\/posts\/4394\/revisions\/5337"}],"wp:featuredmedia":[{"embeddable":true,"href":"https:\/\/www.mru.int\/fr\/wp-json\/wp\/v2\/media\/3864"}],"wp:attachment":[{"href":"https:\/\/www.mru.int\/fr\/wp-json\/wp\/v2\/media?parent=4394"}],"wp:term":[{"taxonomy":"category","embeddable":true,"href":"https:\/\/www.mru.int\/fr\/wp-json\/wp\/v2\/categories?post=4394"},{"taxonomy":"post_tag","embeddable":true,"href":"https:\/\/www.mru.int\/fr\/wp-json\/wp\/v2\/tags?post=4394"}],"curies":[{"name":"wp","href":"https:\/\/api.w.org\/{rel}","templated":true}]}}